{"id":1114,"date":"2015-11-30T17:11:10","date_gmt":"2015-11-30T20:11:10","guid":{"rendered":"https:\/\/www.gruposamaritano.com.br\/ges\/?p=1114"},"modified":"2015-11-30T17:14:54","modified_gmt":"2015-11-30T20:14:54","slug":"maezinha","status":"publish","type":"post","link":"https:\/\/www.gruposamaritano.com.br\/ges\/2015\/11\/maezinha\/","title":{"rendered":"M\u00e3ezinha&#8230;"},"content":{"rendered":"<p>M\u00e3ezinha,<\/p>\n<p>Sinto hoje imensa saudade de voc\u00ea!<\/p>\n<p>O dia se doura e as flores arrebentam em perfume, cantando uma sinfonia de cores e de m\u00fasica, que me embala o pr\u00f3prio cora\u00e7\u00e3o.<\/p>\n<p>Mas n\u00e3o a encontro, m\u00e3ezinha!<\/p>\n<p><!--more-->A casa da minha alma se cobre de tristeza, porque sua voz n\u00e3o mais canta, melodiosa, aos meus ouvidos&#8230;<\/p>\n<p>Disseram-me que voc\u00ea partiu, deixando-me t\u00e3o pequeno e s\u00f3!&#8230;<\/p>\n<p>Por que voc\u00ea se foi, mam\u00e3ezinha?<\/p>\n<p>Informaram-me que Nosso Senhor recolhe as m\u00e3ezinhas na Terra, para convert\u00ea-las em estrelas nos c\u00e9us. N\u00e3o acreditei! Todavia, quando a noite da soledade me envolveu na escurid\u00e3o, vi duas estrelas brilhando junto a mim&#8230;<\/p>\n<p>Seriam seus olhos fulgurantes, clareando meus passos tr\u00f4pegos?<\/p>\n<p>Oh! Mam\u00e3ezinha, ou\u00e7o em derredor outras crian\u00e7as que gritam e abra\u00e7am em transportes de j\u00fabilo o aben\u00e7oado cora\u00e7\u00e3o maternal!<\/p>\n<p>Somente eu n\u00e3o tenho mais voc\u00ea!&#8230; Sou d\u00e9bil plantinha que n\u00e3o encontra alfombra para agasalhar-se, nem mesmo tronco robusto para se apoiar&#8230;<\/p>\n<p>Todavia, eu sei que voc\u00ea partiu, embora eu a sinta comigo, pois que, frequentemente, me parece ouvir a sua voz, cantando baixinho aos ouvidos do meu cora\u00e7\u00e3o, uma doce can\u00e7\u00e3o de mimar, quando eu n\u00e3o consigo dormir&#8230;<\/p>\n<p>Enquanto as casas se iluminam e a Terra inteira se veste de alegria para homenagear as m\u00e3es, deixe-me dizer tamb\u00e9m com as outras criancinhas: &#8220;Deus a aben\u00e7oe, mam\u00e3e!&#8230;&#8221;<\/p>\n<p>E, se lhe for permitido, somente hoje, quando eu me for deitar, volte outra vez ao meu ber\u00e7o pequenino, e repita bem suavemente, para que somente eu possa ouvir: &#8220;Durma, durma, meu filhinho, para que os anjos dos c\u00e9us venham busc\u00e1-lo&#8230;&#8221;<\/p>\n<p>S\u00faplica do \u00d3rf\u00e3o &#8211; Esp\u00edrito An\u00e1lia Franco &#8211; Divaldo P. Franco<\/p>\n","protected":false},"excerpt":{"rendered":"<p>M\u00e3ezinha, Sinto hoje imensa saudade de voc\u00ea! O dia se doura e as flores arrebentam em perfume, cantando uma sinfonia de cores e de m\u00fasica, que me embala o pr\u00f3prio cora\u00e7\u00e3o. Mas n\u00e3o a encontro, m\u00e3ezinha!<\/p>\n","protected":false},"author":2,"featured_media":867,"comment_status":"open","ping_status":"open","sticky":false,"template":"","format":"standard","meta":{"footnotes":""},"categories":[4],"tags":[],"class_list":["post-1114","post","type-post","status-publish","format-standard","has-post-thumbnail","hentry","category-reflexoes"],"_links":{"self":[{"href":"https:\/\/www.gruposamaritano.com.br\/ges\/wp-json\/wp\/v2\/posts\/1114","targetHints":{"allow":["GET"]}}],"collection":[{"href":"https:\/\/www.gruposamaritano.com.br\/ges\/wp-json\/wp\/v2\/posts"}],"about":[{"href":"https:\/\/www.gruposamaritano.com.br\/ges\/wp-json\/wp\/v2\/types\/post"}],"author":[{"embeddable":true,"href":"https:\/\/www.gruposamaritano.com.br\/ges\/wp-json\/wp\/v2\/users\/2"}],"replies":[{"embeddable":true,"href":"https:\/\/www.gruposamaritano.com.br\/ges\/wp-json\/wp\/v2\/comments?post=1114"}],"version-history":[{"count":0,"href":"https:\/\/www.gruposamaritano.com.br\/ges\/wp-json\/wp\/v2\/posts\/1114\/revisions"}],"wp:featuredmedia":[{"embeddable":true,"href":"https:\/\/www.gruposamaritano.com.br\/ges\/wp-json\/wp\/v2\/media\/867"}],"wp:attachment":[{"href":"https:\/\/www.gruposamaritano.com.br\/ges\/wp-json\/wp\/v2\/media?parent=1114"}],"wp:term":[{"taxonomy":"category","embeddable":true,"href":"https:\/\/www.gruposamaritano.com.br\/ges\/wp-json\/wp\/v2\/categories?post=1114"},{"taxonomy":"post_tag","embeddable":true,"href":"https:\/\/www.gruposamaritano.com.br\/ges\/wp-json\/wp\/v2\/tags?post=1114"}],"curies":[{"name":"wp","href":"https:\/\/api.w.org\/{rel}","templated":true}]}}