{"id":1098,"date":"2015-11-11T09:25:30","date_gmt":"2015-11-11T12:25:30","guid":{"rendered":"https:\/\/www.gruposamaritano.com.br\/ges\/?p=1098"},"modified":"2015-11-11T09:25:30","modified_gmt":"2015-11-11T12:25:30","slug":"etapas-da-vida","status":"publish","type":"post","link":"https:\/\/www.gruposamaritano.com.br\/ges\/2015\/11\/etapas-da-vida\/","title":{"rendered":"Etapas da vida&#8230;"},"content":{"rendered":"<p>As etapas de nossa vida sempre ir\u00e3o apresentar li\u00e7\u00f5es importantes para nosso aprendizado.<\/p>\n<p>N\u00e3o h\u00e1 momento da exist\u00eancia onde n\u00e3o haja ensejo de crescimento pessoal, afinal, \u00e9 esta a finalidade maior da vida.<\/p>\n<p><!--more-->Natural que se apresentem per\u00edodos de semeadura e de investimento, marcados pela ren\u00fancia de momentos de lazer, das horas de \u00f3cio e amenidades.<\/p>\n<p>Exigir\u00e3o de n\u00f3s dedica\u00e7\u00e3o e seriedade. Pedir\u00e3o de n\u00f3s const\u00e2ncia e firmeza.<\/p>\n<p>Esses dias trar\u00e3o consigo as li\u00e7\u00f5es da disciplina, da perseveran\u00e7a, oferecendo oportunidade de maturidade nas escolhas e op\u00e7\u00f5es.<\/p>\n<p>Tamb\u00e9m haver\u00e1 dias de conquista, sucesso e vit\u00f3ria. Esses nos oferecer\u00e3o o sentimento de realiza\u00e7\u00e3o, de completude, de autorrealiza\u00e7\u00e3o.<\/p>\n<p>Mas trar\u00e3o igualmente oportunidades de aprendizado, nos oferecendo o ensejo de treinar a humildade, ao nos permitir a an\u00e1lise do quanto de orgulho, presun\u00e7\u00e3o e arrog\u00e2ncia ainda existe em n\u00f3s.<\/p>\n<p>Haver\u00e1, em nossa exist\u00eancia, dias de plena sa\u00fade, vigor f\u00edsico e disposi\u00e7\u00e3o.<\/p>\n<p>Dias em que o corpo f\u00edsico poder\u00e1 ser exigido em sua plenitude, colocando-se como ferramenta ao nosso dispor.<\/p>\n<p>Esses momentos nos dar\u00e3o a chance de desenvolver o h\u00e1bito do trabalho, o aprendizado da ocupa\u00e7\u00e3o digna das nossas horas.<\/p>\n<p>Sem limita\u00e7\u00f5es impostas pela m\u00e1quina f\u00edsica, teremos a oportunidade de incutir em n\u00f3s os h\u00e1bitos saud\u00e1veis da labuta honesta, do servi\u00e7o no bem e para o bem.<\/p>\n<p>Naturalmente, outros dias vir\u00e3o, nos quais a doen\u00e7a, as dificuldades org\u00e2nicas, os cerceamentos f\u00edsicos se far\u00e3o presentes.<\/p>\n<p>Nesses dias, outras ser\u00e3o as li\u00e7\u00f5es que se apresentar\u00e3o para o aprendizado.<\/p>\n<p>Teremos a oportunidade de vivenciar a paci\u00eancia, a resigna\u00e7\u00e3o e a f\u00e9.<\/p>\n<p>Junto a essas mestras incompar\u00e1veis, vir\u00e1 tamb\u00e9m a oportunidade mais intensa de desenvolver o h\u00e1bito da ora\u00e7\u00e3o, da medita\u00e7\u00e3o e autoconhecimento.<\/p>\n<p>Ser\u00e3o as li\u00e7\u00f5es de conviv\u00eancia conosco mesmo, com nosso mundo \u00edntimo, nossos valores e emo\u00e7\u00f5es.<\/p>\n<p>Vemos assim que a vida \u00e9 rica em seu suceder de experi\u00eancias e convites ao aprendizado.<\/p>\n<p>* * *<\/p>\n<p>Cada momento traz consigo suas li\u00e7\u00f5es, aquelas que a Provid\u00eancia Divina percebe serem as melhores e mais adequadas para nossa experi\u00eancia existencial.<\/p>\n<p>Portanto, de forma alguma reclamemos do que nos sucede. Antes, reflitamos qual a li\u00e7\u00e3o que a vida nos convida a soletrar, a experienciar.<\/p>\n<p>Jamais maldigamos os acontecimentos que nos alcancem.<\/p>\n<p>O que hoje nos surja como grande problema ou empecilho de dif\u00edcil remo\u00e7\u00e3o, em verdade se constitui ferramenta de aprendizado e catapulta para novos patamares de lucidez e entendimento.<\/p>\n<p>Deus nos conhece a intimidade e aguarda sempre o momento prop\u00edcio para as li\u00e7\u00f5es mais apropriadas. Igualmente, sabe a que, exatamente, nos deve submeter, a fim de que cres\u00e7amos em intelecto e moral, no rumo do progresso.<\/p>\n<p>Nesse entendimento, agrade\u00e7amos \u00e0 bondade Divina por tudo que nos sucede.<\/p>\n<p>Amparados pela f\u00e9, busquemos aproveitar todo momento de nossa exist\u00eancia para que as li\u00e7\u00f5es sejam apreendidas, pela mente e pelo cora\u00e7\u00e3o.<\/p>\n<p>Reda\u00e7\u00e3o do Momento Esp\u00edrita.<\/p>\n","protected":false},"excerpt":{"rendered":"<p>As etapas de nossa vida sempre ir\u00e3o apresentar li\u00e7\u00f5es importantes para nosso aprendizado. N\u00e3o h\u00e1 momento da exist\u00eancia onde n\u00e3o haja ensejo de crescimento pessoal, afinal, \u00e9 esta a finalidade maior da vida.<\/p>\n","protected":false},"author":2,"featured_media":1072,"comment_status":"open","ping_status":"open","sticky":false,"template":"","format":"standard","meta":{"footnotes":""},"categories":[4],"tags":[],"class_list":["post-1098","post","type-post","status-publish","format-standard","has-post-thumbnail","hentry","category-reflexoes"],"_links":{"self":[{"href":"https:\/\/www.gruposamaritano.com.br\/ges\/wp-json\/wp\/v2\/posts\/1098","targetHints":{"allow":["GET"]}}],"collection":[{"href":"https:\/\/www.gruposamaritano.com.br\/ges\/wp-json\/wp\/v2\/posts"}],"about":[{"href":"https:\/\/www.gruposamaritano.com.br\/ges\/wp-json\/wp\/v2\/types\/post"}],"author":[{"embeddable":true,"href":"https:\/\/www.gruposamaritano.com.br\/ges\/wp-json\/wp\/v2\/users\/2"}],"replies":[{"embeddable":true,"href":"https:\/\/www.gruposamaritano.com.br\/ges\/wp-json\/wp\/v2\/comments?post=1098"}],"version-history":[{"count":0,"href":"https:\/\/www.gruposamaritano.com.br\/ges\/wp-json\/wp\/v2\/posts\/1098\/revisions"}],"wp:featuredmedia":[{"embeddable":true,"href":"https:\/\/www.gruposamaritano.com.br\/ges\/wp-json\/wp\/v2\/media\/1072"}],"wp:attachment":[{"href":"https:\/\/www.gruposamaritano.com.br\/ges\/wp-json\/wp\/v2\/media?parent=1098"}],"wp:term":[{"taxonomy":"category","embeddable":true,"href":"https:\/\/www.gruposamaritano.com.br\/ges\/wp-json\/wp\/v2\/categories?post=1098"},{"taxonomy":"post_tag","embeddable":true,"href":"https:\/\/www.gruposamaritano.com.br\/ges\/wp-json\/wp\/v2\/tags?post=1098"}],"curies":[{"name":"wp","href":"https:\/\/api.w.org\/{rel}","templated":true}]}}